{"id":613,"date":"2011-12-22T19:02:12","date_gmt":"2011-12-22T19:02:12","guid":{"rendered":"https:\/\/amiti.org.mx\/index.php\/2011\/12\/22\/nuevo-reglamento-de-la-ley-de-proteccion-de-datos-personales-en-posesion-de-los-particulares\/"},"modified":"2022-04-23T20:32:41","modified_gmt":"2022-04-23T20:32:41","slug":"nuevo-reglamento-de-la-ley-de-proteccion-de-datos-personales-en-posesion-de-los-particulares","status":"publish","type":"post","link":"https:\/\/amiti.org.mx\/en\/613\/nuevo-reglamento-de-la-ley-de-proteccion-de-datos-personales-en-posesion-de-los-particulares\/","title":{"rendered":"Nuevo reglamento de la Ley de protecci\u00f3n de datos personales en posesi\u00f3n de los particulares"},"content":{"rendered":"<p>Por medio del presente nos permitimos informarles, que en el D.O.F. del d\u00eda de hoy 21 de Diciembre de 2011, se public\u00f3 el Reglamento de la Ley de referencia (LFPDPPP).<\/p>\n<p>Con la publicaci\u00f3n del Reglamento de la Ley de referencia, <strong>entra en vigor en su totalidad todas sus disposiciones, sanciones y delitos, <\/strong>a partir del d\u00eda 6 de Enero de 2012.<\/p>\n<p>Como les informamos anteriormente, desde el d\u00eda 6 de Julio del presente a\u00f1o, entraron en vigor las siguientes obligaciones de Ley:<\/p>\n<ul>\n<li>Expedici\u00f3n de los diversos modelos de Avisos de Privacidad a los Titulares de los Datos Personales (digital y papel).<\/li>\n<li>Nombramiento de la persona o departamento \u201cDESIGNADO\u201d del \u00e1rea de Datos Personales, que en su oportunidad deber\u00e1 dar tr\u00e1mite a las solicitudes de los Titulares para el ejercicio de los derechos previstos en la Ley (ARCO).<\/li>\n<\/ul>\n<p>Asimismo, en aquel entonces les recomendamos la implementaci\u00f3n de medidas de seguridad inform\u00e1ticas, t\u00e9cnicas y f\u00edsicas, para proteger y mantener en confidencialidad las bases de datos que maneja su empresa.<\/p>\n<p>Les recordamos que esta Ley aplica a toda clase de bases de datos y <strong>a todas las empresas sin excepci\u00f3n, <\/strong>ya que todas las empresas manejan datos de sus clientes, proveedores y empleados, los cuales se utilizan para fines diversos, destacando aquellos correspondientes a la publicidad, marketing y confidencialidad de la informaci\u00f3n del personal de la empresa.<\/p>\n<p>Finalmente, cabe mencionar que a partir del d\u00eda 6 de Enero de 2012, la autoridad reguladora que es el IFAI, podr\u00e1 estar facultada para supervisar, vigilar e inspeccionar a las empresas en relaci\u00f3n al cumplimiento de esta Ley y su nuevo Reglamento, e imponer las sanciones que el caso amerite.<\/p>\n<p>En los pr\u00f3ximos d\u00edas del mes de Enero de 2012, estaremos proporcionando a ustedes un Resumen de lo m\u00e1s relevante de este nuevo Reglamento.<\/p>","protected":false},"excerpt":{"rendered":"<p>Por medio del presente nos permitimos informarles, que en el D.O.F. del d\u00eda de hoy 21 de Diciembre de 2011, se public\u00f3 el Reglamento de la Ley de referencia (LFPDPPP). Con la publicaci\u00f3n del Reglamento de la Ley de referencia, entra en vigor en su totalidad todas sus disposiciones, sanciones y delitos, a partir del [&hellip;]<\/p>\n","protected":false},"author":2,"featured_media":0,"comment_status":"open","ping_status":"open","sticky":false,"template":"","format":"standard","meta":{"footnotes":""},"categories":[9],"tags":[],"class_list":["post-613","post","type-post","status-publish","format-standard","hentry","category-noticias-amiti"],"yoast_head":"<!-- This site is optimized with the Yoast SEO plugin v27.4 - https:\/\/yoast.com\/product\/yoast-seo-wordpress\/ -->\n<title>Nuevo reglamento de la Ley de protecci\u00f3n de datos personales en posesi\u00f3n de los particulares - AMITI<\/title>\n<meta name=\"robots\" content=\"index, follow, max-snippet:-1, max-image-preview:large, max-video-preview:-1\" \/>\n<link rel=\"canonical\" href=\"https:\/\/amiti.org.mx\/en\/613\/nuevo-reglamento-de-la-ley-de-proteccion-de-datos-personales-en-posesion-de-los-particulares\/\" \/>\n<meta property=\"og:locale\" content=\"en_US\" \/>\n<meta property=\"og:type\" content=\"article\" \/>\n<meta property=\"og:title\" content=\"Nuevo reglamento de la Ley de protecci\u00f3n de datos personales en posesi\u00f3n de los particulares - AMITI\" \/>\n<meta property=\"og:description\" content=\"Por medio del presente nos permitimos informarles, que en el D.O.F. del d\u00eda de hoy 21 de Diciembre de 2011, se public\u00f3 el Reglamento de la Ley de referencia (LFPDPPP). Con la publicaci\u00f3n del Reglamento de la Ley de referencia, entra en vigor en su totalidad todas sus disposiciones, sanciones y delitos, a partir del [&hellip;]\" \/>\n<meta property=\"og:url\" content=\"https:\/\/amiti.org.mx\/en\/613\/nuevo-reglamento-de-la-ley-de-proteccion-de-datos-personales-en-posesion-de-los-particulares\/\" \/>\n<meta property=\"og:site_name\" content=\"AMITI\" \/>\n<meta property=\"article:publisher\" content=\"https:\/\/www.facebook.com\/AMITIMex\/?locale=es_LA\" \/>\n<meta property=\"article:published_time\" content=\"2011-12-22T19:02:12+00:00\" \/>\n<meta property=\"article:modified_time\" content=\"2022-04-23T20:32:41+00:00\" \/>\n<meta name=\"author\" content=\"Juan Lista\" \/>\n<meta name=\"twitter:card\" content=\"summary_large_image\" \/>\n<meta name=\"twitter:creator\" content=\"@AMITI_Mex\" \/>\n<meta name=\"twitter:site\" content=\"@AMITI_Mex\" \/>\n<meta name=\"twitter:label1\" content=\"Written by\" \/>\n\t<meta name=\"twitter:data1\" content=\"Juan Lista\" \/>\n\t<meta name=\"twitter:label2\" content=\"Est. reading time\" \/>\n\t<meta name=\"twitter:data2\" content=\"2 minutes\" \/>\n<script type=\"application\/ld+json\" class=\"yoast-schema-graph\">{\"@context\":\"https:\\\/\\\/schema.org\",\"@graph\":[{\"@type\":\"Article\",\"@id\":\"https:\\\/\\\/amiti.org.mx\\\/613\\\/nuevo-reglamento-de-la-ley-de-proteccion-de-datos-personales-en-posesion-de-los-particulares\\\/#article\",\"isPartOf\":{\"@id\":\"https:\\\/\\\/amiti.org.mx\\\/613\\\/nuevo-reglamento-de-la-ley-de-proteccion-de-datos-personales-en-posesion-de-los-particulares\\\/\"},\"author\":{\"name\":\"Juan Lista\",\"@id\":\"https:\\\/\\\/amiti.org.mx\\\/#\\\/schema\\\/person\\\/fa79634fb89b8876c09f5af3fb84d535\"},\"headline\":\"Nuevo reglamento de la Ley de protecci\u00f3n de datos personales en posesi\u00f3n de los particulares\",\"datePublished\":\"2011-12-22T19:02:12+00:00\",\"dateModified\":\"2022-04-23T20:32:41+00:00\",\"mainEntityOfPage\":{\"@id\":\"https:\\\/\\\/amiti.org.mx\\\/613\\\/nuevo-reglamento-de-la-ley-de-proteccion-de-datos-personales-en-posesion-de-los-particulares\\\/\"},\"wordCount\":327,\"commentCount\":0,\"publisher\":{\"@id\":\"https:\\\/\\\/amiti.org.mx\\\/#organization\"},\"articleSection\":[\"Noticias AMITI\"],\"inLanguage\":\"en-US\",\"potentialAction\":[{\"@type\":\"CommentAction\",\"name\":\"Comment\",\"target\":[\"https:\\\/\\\/amiti.org.mx\\\/613\\\/nuevo-reglamento-de-la-ley-de-proteccion-de-datos-personales-en-posesion-de-los-particulares\\\/#respond\"]}]},{\"@type\":\"WebPage\",\"@id\":\"https:\\\/\\\/amiti.org.mx\\\/613\\\/nuevo-reglamento-de-la-ley-de-proteccion-de-datos-personales-en-posesion-de-los-particulares\\\/\",\"url\":\"https:\\\/\\\/amiti.org.mx\\\/613\\\/nuevo-reglamento-de-la-ley-de-proteccion-de-datos-personales-en-posesion-de-los-particulares\\\/\",\"name\":\"Nuevo reglamento de la Ley de protecci\u00f3n de datos personales en posesi\u00f3n de los particulares - AMITI\",\"isPartOf\":{\"@id\":\"https:\\\/\\\/amiti.org.mx\\\/#website\"},\"datePublished\":\"2011-12-22T19:02:12+00:00\",\"dateModified\":\"2022-04-23T20:32:41+00:00\",\"breadcrumb\":{\"@id\":\"https:\\\/\\\/amiti.org.mx\\\/613\\\/nuevo-reglamento-de-la-ley-de-proteccion-de-datos-personales-en-posesion-de-los-particulares\\\/#breadcrumb\"},\"inLanguage\":\"en-US\",\"potentialAction\":[{\"@type\":\"ReadAction\",\"target\":[\"https:\\\/\\\/amiti.org.mx\\\/613\\\/nuevo-reglamento-de-la-ley-de-proteccion-de-datos-personales-en-posesion-de-los-particulares\\\/\"]}]},{\"@type\":\"BreadcrumbList\",\"@id\":\"https:\\\/\\\/amiti.org.mx\\\/613\\\/nuevo-reglamento-de-la-ley-de-proteccion-de-datos-personales-en-posesion-de-los-particulares\\\/#breadcrumb\",\"itemListElement\":[{\"@type\":\"ListItem\",\"position\":1,\"name\":\"Portada\",\"item\":\"https:\\\/\\\/amiti.org.mx\\\/\"},{\"@type\":\"ListItem\",\"position\":2,\"name\":\"Nuevo reglamento de la Ley de protecci\u00f3n de datos personales en posesi\u00f3n de los particulares\"}]},{\"@type\":\"WebSite\",\"@id\":\"https:\\\/\\\/amiti.org.mx\\\/#website\",\"url\":\"https:\\\/\\\/amiti.org.mx\\\/\",\"name\":\"AMITI\",\"description\":\"Mejores empresas TI para M\u00e9xico\",\"publisher\":{\"@id\":\"https:\\\/\\\/amiti.org.mx\\\/#organization\"},\"potentialAction\":[{\"@type\":\"SearchAction\",\"target\":{\"@type\":\"EntryPoint\",\"urlTemplate\":\"https:\\\/\\\/amiti.org.mx\\\/?s={search_term_string}\"},\"query-input\":{\"@type\":\"PropertyValueSpecification\",\"valueRequired\":true,\"valueName\":\"search_term_string\"}}],\"inLanguage\":\"en-US\"},{\"@type\":\"Organization\",\"@id\":\"https:\\\/\\\/amiti.org.mx\\\/#organization\",\"name\":\"AMITI\",\"url\":\"https:\\\/\\\/amiti.org.mx\\\/\",\"logo\":{\"@type\":\"ImageObject\",\"inLanguage\":\"en-US\",\"@id\":\"https:\\\/\\\/amiti.org.mx\\\/#\\\/schema\\\/logo\\\/image\\\/\",\"url\":\"https:\\\/\\\/amiti.org.mx\\\/wp-content\\\/uploads\\\/2024\\\/09\\\/Amiti_CMYK.png\",\"contentUrl\":\"https:\\\/\\\/amiti.org.mx\\\/wp-content\\\/uploads\\\/2024\\\/09\\\/Amiti_CMYK.png\",\"width\":1161,\"height\":458,\"caption\":\"AMITI\"},\"image\":{\"@id\":\"https:\\\/\\\/amiti.org.mx\\\/#\\\/schema\\\/logo\\\/image\\\/\"},\"sameAs\":[\"https:\\\/\\\/www.facebook.com\\\/AMITIMex\\\/?locale=es_LA\",\"https:\\\/\\\/x.com\\\/AMITI_Mex\",\"https:\\\/\\\/www.instagram.com\\\/amiti_mex\\\/\",\"https:\\\/\\\/www.linkedin.com\\\/company\\\/amiti-mex\\\/\",\"https:\\\/\\\/www.youtube.com\\\/channel\\\/UCaBdZB-k6j-lCH-eTCbLGJw\"]},{\"@type\":\"Person\",\"@id\":\"https:\\\/\\\/amiti.org.mx\\\/#\\\/schema\\\/person\\\/fa79634fb89b8876c09f5af3fb84d535\",\"name\":\"Juan Lista\",\"image\":{\"@type\":\"ImageObject\",\"inLanguage\":\"en-US\",\"@id\":\"https:\\\/\\\/secure.gravatar.com\\\/avatar\\\/184ae3c879322793f2e31edb41f577d2384cf77e7b46105109b1016b583b2e32?s=96&d=mm&r=g\",\"url\":\"https:\\\/\\\/secure.gravatar.com\\\/avatar\\\/184ae3c879322793f2e31edb41f577d2384cf77e7b46105109b1016b583b2e32?s=96&d=mm&r=g\",\"contentUrl\":\"https:\\\/\\\/secure.gravatar.com\\\/avatar\\\/184ae3c879322793f2e31edb41f577d2384cf77e7b46105109b1016b583b2e32?s=96&d=mm&r=g\",\"caption\":\"Juan Lista\"},\"url\":\"https:\\\/\\\/amiti.org.mx\\\/en\\\/author\\\/bagginslothnado\\\/\"}]}<\/script>\n<!-- \/ Yoast SEO plugin. -->","yoast_head_json":{"title":"Nuevo reglamento de la Ley de protecci\u00f3n de datos personales en posesi\u00f3n de los particulares - AMITI","robots":{"index":"index","follow":"follow","max-snippet":"max-snippet:-1","max-image-preview":"max-image-preview:large","max-video-preview":"max-video-preview:-1"},"canonical":"https:\/\/amiti.org.mx\/en\/613\/nuevo-reglamento-de-la-ley-de-proteccion-de-datos-personales-en-posesion-de-los-particulares\/","og_locale":"en_US","og_type":"article","og_title":"Nuevo reglamento de la Ley de protecci\u00f3n de datos personales en posesi\u00f3n de los particulares - AMITI","og_description":"Por medio del presente nos permitimos informarles, que en el D.O.F. del d\u00eda de hoy 21 de Diciembre de 2011, se public\u00f3 el Reglamento de la Ley de referencia (LFPDPPP). Con la publicaci\u00f3n del Reglamento de la Ley de referencia, entra en vigor en su totalidad todas sus disposiciones, sanciones y delitos, a partir del [&hellip;]","og_url":"https:\/\/amiti.org.mx\/en\/613\/nuevo-reglamento-de-la-ley-de-proteccion-de-datos-personales-en-posesion-de-los-particulares\/","og_site_name":"AMITI","article_publisher":"https:\/\/www.facebook.com\/AMITIMex\/?locale=es_LA","article_published_time":"2011-12-22T19:02:12+00:00","article_modified_time":"2022-04-23T20:32:41+00:00","author":"Juan Lista","twitter_card":"summary_large_image","twitter_creator":"@AMITI_Mex","twitter_site":"@AMITI_Mex","twitter_misc":{"Written by":"Juan Lista","Est. reading time":"2 minutes"},"schema":{"@context":"https:\/\/schema.org","@graph":[{"@type":"Article","@id":"https:\/\/amiti.org.mx\/613\/nuevo-reglamento-de-la-ley-de-proteccion-de-datos-personales-en-posesion-de-los-particulares\/#article","isPartOf":{"@id":"https:\/\/amiti.org.mx\/613\/nuevo-reglamento-de-la-ley-de-proteccion-de-datos-personales-en-posesion-de-los-particulares\/"},"author":{"name":"Juan Lista","@id":"https:\/\/amiti.org.mx\/#\/schema\/person\/fa79634fb89b8876c09f5af3fb84d535"},"headline":"Nuevo reglamento de la Ley de protecci\u00f3n de datos personales en posesi\u00f3n de los particulares","datePublished":"2011-12-22T19:02:12+00:00","dateModified":"2022-04-23T20:32:41+00:00","mainEntityOfPage":{"@id":"https:\/\/amiti.org.mx\/613\/nuevo-reglamento-de-la-ley-de-proteccion-de-datos-personales-en-posesion-de-los-particulares\/"},"wordCount":327,"commentCount":0,"publisher":{"@id":"https:\/\/amiti.org.mx\/#organization"},"articleSection":["Noticias AMITI"],"inLanguage":"en-US","potentialAction":[{"@type":"CommentAction","name":"Comment","target":["https:\/\/amiti.org.mx\/613\/nuevo-reglamento-de-la-ley-de-proteccion-de-datos-personales-en-posesion-de-los-particulares\/#respond"]}]},{"@type":"WebPage","@id":"https:\/\/amiti.org.mx\/613\/nuevo-reglamento-de-la-ley-de-proteccion-de-datos-personales-en-posesion-de-los-particulares\/","url":"https:\/\/amiti.org.mx\/613\/nuevo-reglamento-de-la-ley-de-proteccion-de-datos-personales-en-posesion-de-los-particulares\/","name":"Nuevo reglamento de la Ley de protecci\u00f3n de datos personales en posesi\u00f3n de los particulares - AMITI","isPartOf":{"@id":"https:\/\/amiti.org.mx\/#website"},"datePublished":"2011-12-22T19:02:12+00:00","dateModified":"2022-04-23T20:32:41+00:00","breadcrumb":{"@id":"https:\/\/amiti.org.mx\/613\/nuevo-reglamento-de-la-ley-de-proteccion-de-datos-personales-en-posesion-de-los-particulares\/#breadcrumb"},"inLanguage":"en-US","potentialAction":[{"@type":"ReadAction","target":["https:\/\/amiti.org.mx\/613\/nuevo-reglamento-de-la-ley-de-proteccion-de-datos-personales-en-posesion-de-los-particulares\/"]}]},{"@type":"BreadcrumbList","@id":"https:\/\/amiti.org.mx\/613\/nuevo-reglamento-de-la-ley-de-proteccion-de-datos-personales-en-posesion-de-los-particulares\/#breadcrumb","itemListElement":[{"@type":"ListItem","position":1,"name":"Portada","item":"https:\/\/amiti.org.mx\/"},{"@type":"ListItem","position":2,"name":"Nuevo reglamento de la Ley de protecci\u00f3n de datos personales en posesi\u00f3n de los particulares"}]},{"@type":"WebSite","@id":"https:\/\/amiti.org.mx\/#website","url":"https:\/\/amiti.org.mx\/","name":"AMITI","description":"Mejores empresas TI para M\u00e9xico","publisher":{"@id":"https:\/\/amiti.org.mx\/#organization"},"potentialAction":[{"@type":"SearchAction","target":{"@type":"EntryPoint","urlTemplate":"https:\/\/amiti.org.mx\/?s={search_term_string}"},"query-input":{"@type":"PropertyValueSpecification","valueRequired":true,"valueName":"search_term_string"}}],"inLanguage":"en-US"},{"@type":"Organization","@id":"https:\/\/amiti.org.mx\/#organization","name":"AMITI","url":"https:\/\/amiti.org.mx\/","logo":{"@type":"ImageObject","inLanguage":"en-US","@id":"https:\/\/amiti.org.mx\/#\/schema\/logo\/image\/","url":"https:\/\/amiti.org.mx\/wp-content\/uploads\/2024\/09\/Amiti_CMYK.png","contentUrl":"https:\/\/amiti.org.mx\/wp-content\/uploads\/2024\/09\/Amiti_CMYK.png","width":1161,"height":458,"caption":"AMITI"},"image":{"@id":"https:\/\/amiti.org.mx\/#\/schema\/logo\/image\/"},"sameAs":["https:\/\/www.facebook.com\/AMITIMex\/?locale=es_LA","https:\/\/x.com\/AMITI_Mex","https:\/\/www.instagram.com\/amiti_mex\/","https:\/\/www.linkedin.com\/company\/amiti-mex\/","https:\/\/www.youtube.com\/channel\/UCaBdZB-k6j-lCH-eTCbLGJw"]},{"@type":"Person","@id":"https:\/\/amiti.org.mx\/#\/schema\/person\/fa79634fb89b8876c09f5af3fb84d535","name":"Juan Lista","image":{"@type":"ImageObject","inLanguage":"en-US","@id":"https:\/\/secure.gravatar.com\/avatar\/184ae3c879322793f2e31edb41f577d2384cf77e7b46105109b1016b583b2e32?s=96&d=mm&r=g","url":"https:\/\/secure.gravatar.com\/avatar\/184ae3c879322793f2e31edb41f577d2384cf77e7b46105109b1016b583b2e32?s=96&d=mm&r=g","contentUrl":"https:\/\/secure.gravatar.com\/avatar\/184ae3c879322793f2e31edb41f577d2384cf77e7b46105109b1016b583b2e32?s=96&d=mm&r=g","caption":"Juan Lista"},"url":"https:\/\/amiti.org.mx\/en\/author\/bagginslothnado\/"}]}},"publishpress_future_action":{"enabled":false,"date":"2026-05-04 02:10:41","action":"change-status","newStatus":"draft","terms":[],"taxonomy":"category","extraData":[]},"publishpress_future_workflow_manual_trigger":{"enabledWorkflows":[]},"_links":{"self":[{"href":"https:\/\/amiti.org.mx\/en\/wp-json\/wp\/v2\/posts\/613","targetHints":{"allow":["GET"]}}],"collection":[{"href":"https:\/\/amiti.org.mx\/en\/wp-json\/wp\/v2\/posts"}],"about":[{"href":"https:\/\/amiti.org.mx\/en\/wp-json\/wp\/v2\/types\/post"}],"author":[{"embeddable":true,"href":"https:\/\/amiti.org.mx\/en\/wp-json\/wp\/v2\/users\/2"}],"replies":[{"embeddable":true,"href":"https:\/\/amiti.org.mx\/en\/wp-json\/wp\/v2\/comments?post=613"}],"version-history":[{"count":0,"href":"https:\/\/amiti.org.mx\/en\/wp-json\/wp\/v2\/posts\/613\/revisions"}],"wp:attachment":[{"href":"https:\/\/amiti.org.mx\/en\/wp-json\/wp\/v2\/media?parent=613"}],"wp:term":[{"taxonomy":"category","embeddable":true,"href":"https:\/\/amiti.org.mx\/en\/wp-json\/wp\/v2\/categories?post=613"},{"taxonomy":"post_tag","embeddable":true,"href":"https:\/\/amiti.org.mx\/en\/wp-json\/wp\/v2\/tags?post=613"}],"curies":[{"name":"wp","href":"https:\/\/api.w.org\/{rel}","templated":true}]}}