{"id":14844,"date":"2026-04-29T09:16:11","date_gmt":"2026-04-29T15:16:11","guid":{"rendered":"https:\/\/amiti.org.mx\/?p=14844"},"modified":"2026-04-29T09:17:15","modified_gmt":"2026-04-29T15:17:15","slug":"amiti-reafirma-su-compromiso-con-la-sostenibilidad-global-a-traves-de-su-comunicacion-sobre-participacion-coe-2025","status":"publish","type":"post","link":"https:\/\/amiti.org.mx\/en\/14844\/amiti-reafirma-su-compromiso-con-la-sostenibilidad-global-a-traves-de-su-comunicacion-sobre-participacion-coe-2025\/","title":{"rendered":"AMITI reafirma su compromiso con la sostenibilidad global a trav\u00e9s de su Comunicaci\u00f3n sobre Participaci\u00f3n (COE) 2025"},"content":{"rendered":"<p>La Asociaci\u00f3n Mexicana de la Industria de Tecnolog\u00edas de Informaci\u00f3n (AMITI) ha suscrito y publicado oficialmente su <strong>Comunicaci\u00f3n sobre Participaci\u00f3n (COE)<\/strong> ante el Pacto Mundial de las Naciones Unidas, correspondiente al periodo de enero a diciembre de 2025. Este documento, presentado como el <em>Reporte ASG AMITI 2025<\/em>, ratifica el respaldo continuo de la asociaci\u00f3n a los diez principios fundamentales del Pacto Mundial en materia de derechos humanos, est\u00e1ndares laborales, medio ambiente y anticorrupci\u00f3n.<\/p>\n\n\n\n<figure class=\"wp-block-image aligncenter size-large is-resized\"><img fetchpriority=\"high\" decoding=\"async\" width=\"1024\" height=\"576\" src=\"https:\/\/amiti.org.mx\/wp-content\/uploads\/2026\/03\/Portada-Reporte-ASG-2025-1024x576.webp\" alt=\"\" class=\"wp-image-14532\" style=\"width:550px;height:auto\" srcset=\"https:\/\/amiti.org.mx\/wp-content\/uploads\/2026\/03\/Portada-Reporte-ASG-2025-1024x576.webp 1024w, https:\/\/amiti.org.mx\/wp-content\/uploads\/2026\/03\/Portada-Reporte-ASG-2025-300x169.webp 300w, https:\/\/amiti.org.mx\/wp-content\/uploads\/2026\/03\/Portada-Reporte-ASG-2025-768x432.webp 768w, https:\/\/amiti.org.mx\/wp-content\/uploads\/2026\/03\/Portada-Reporte-ASG-2025-1536x864.webp 1536w, https:\/\/amiti.org.mx\/wp-content\/uploads\/2026\/03\/Portada-Reporte-ASG-2025-2048x1152.webp 2048w, https:\/\/amiti.org.mx\/wp-content\/uploads\/2026\/03\/Portada-Reporte-ASG-2025-18x10.webp 18w\" sizes=\"(max-width: 1024px) 100vw, 1024px\" \/><\/figure>\n\n\n\n<p><\/p>\n\n\n\n<p><strong>Puntos destacados del compromiso:<\/strong><\/p>\n\n\n\n<ul class=\"wp-block-list\">\n<li><strong>Declaraci\u00f3n de Apoyo Continuo:<\/strong> El reporte incluye una declaraci\u00f3n formal firmada por la direcci\u00f3n general (CEO), reafirmando que AMITI mantiene su compromiso de integrar la sostenibilidad en el n\u00facleo de la industria tecnol\u00f3gica en M\u00e9xico.<\/li>\n\n\n\n<li><strong>Acciones Pr\u00e1cticas Implementadas:<\/strong> La asociaci\u00f3n ha detallado diversas iniciativas para fomentar el desarrollo sostenible, entre las que destacan:\n<ul class=\"wp-block-list\">\n<li><strong>Liderazgo de Pensamiento:<\/strong> Provisi\u00f3n de experiencia t\u00e9cnica y la voz de sus miembros en grupos de trabajo y proyectos especiales del Pacto Mundial.<\/li>\n\n\n\n<li><strong>Acci\u00f3n Colectiva:<\/strong> Involucramiento de las empresas del sector de TI en esfuerzos conjuntos para abordar retos de sostenibilidad.<\/li>\n\n\n\n<li><strong>Sensibilizaci\u00f3n:<\/strong> Difusi\u00f3n de los principios del Pacto Mundial para atraer a nuevos participantes y fomentar la responsabilidad social corporativa.<\/li>\n\n\n\n<li><strong>Capacitaci\u00f3n:<\/strong> Organizaci\u00f3n de eventos de aprendizaje, talleres y di\u00e1logos enfocados en criterios ASG (Ambientales, Sociales y de Gobernanza).<\/li>\n<\/ul>\n<\/li>\n\n\n\n<li><strong>Medici\u00f3n de Resultados:<\/strong> AMITI ha incorporado un sistema de medici\u00f3n para evaluar el impacto de sus acciones, asegurando la transparencia y el progreso constante en sus metas de sostenibilidad.<\/li>\n<\/ul>\n\n\n\n<p><\/p>\n\n\n\n<p>Con esta entrega, AMITI no solo cumple con su responsabilidad de rendici\u00f3n de cuentas, sino que se posiciona como un catalizador para que la tecnolog\u00eda sea una herramienta clave en la consecuci\u00f3n de los <strong>Objetivos de Desarrollo Sostenible (ODS)<\/strong>.<\/p>\n\n\n\n<p><strong>Ver publicaci\u00f3n:<\/strong> <a href=\"https:\/\/unglobalcompact.org\/participation\/report\/cop\/detail\/485780\">https:\/\/unglobalcompact.org\/participation\/report\/cop\/detail\/485780<\/a><\/p>\n\n\n\n<p><\/p>","protected":false},"excerpt":{"rendered":"<p>La Asociaci\u00f3n Mexicana de la Industria de Tecnolog\u00edas de Informaci\u00f3n (AMITI) ha suscrito y publicado oficialmente su Comunicaci\u00f3n sobre Participaci\u00f3n (COE) ante el Pacto Mundial de las Naciones Unidas, correspondiente al periodo de enero a diciembre de 2025. Este documento, presentado como el Reporte ASG AMITI 2025, ratifica el respaldo continuo de la asociaci\u00f3n a [&hellip;]<\/p>\n","protected":false},"author":148,"featured_media":14845,"comment_status":"open","ping_status":"open","sticky":false,"template":"","format":"standard","meta":{"footnotes":""},"categories":[9],"tags":[],"class_list":["post-14844","post","type-post","status-publish","format-standard","has-post-thumbnail","hentry","category-noticias-amiti"],"yoast_head":"<!-- This site is optimized with the Yoast SEO plugin v27.4 - https:\/\/yoast.com\/product\/yoast-seo-wordpress\/ -->\n<title>AMITI reafirma su compromiso con la sostenibilidad global a trav\u00e9s de su Comunicaci\u00f3n sobre Participaci\u00f3n (COE) 2025 - AMITI<\/title>\n<meta name=\"robots\" content=\"index, follow, max-snippet:-1, max-image-preview:large, max-video-preview:-1\" \/>\n<link rel=\"canonical\" href=\"https:\/\/amiti.org.mx\/en\/14844\/amiti-reafirma-su-compromiso-con-la-sostenibilidad-global-a-traves-de-su-comunicacion-sobre-participacion-coe-2025\/\" \/>\n<meta property=\"og:locale\" content=\"en_US\" \/>\n<meta property=\"og:type\" content=\"article\" \/>\n<meta property=\"og:title\" content=\"AMITI reafirma su compromiso con la sostenibilidad global a trav\u00e9s de su Comunicaci\u00f3n sobre Participaci\u00f3n (COE) 2025 - AMITI\" \/>\n<meta property=\"og:description\" content=\"La Asociaci\u00f3n Mexicana de la Industria de Tecnolog\u00edas de Informaci\u00f3n (AMITI) ha suscrito y publicado oficialmente su Comunicaci\u00f3n sobre Participaci\u00f3n (COE) ante el Pacto Mundial de las Naciones Unidas, correspondiente al periodo de enero a diciembre de 2025. Este documento, presentado como el Reporte ASG AMITI 2025, ratifica el respaldo continuo de la asociaci\u00f3n a [&hellip;]\" \/>\n<meta property=\"og:url\" content=\"https:\/\/amiti.org.mx\/en\/14844\/amiti-reafirma-su-compromiso-con-la-sostenibilidad-global-a-traves-de-su-comunicacion-sobre-participacion-coe-2025\/\" \/>\n<meta property=\"og:site_name\" content=\"AMITI\" \/>\n<meta property=\"article:publisher\" content=\"https:\/\/www.facebook.com\/AMITIMex\/?locale=es_LA\" \/>\n<meta property=\"article:published_time\" content=\"2026-04-29T15:16:11+00:00\" \/>\n<meta property=\"article:modified_time\" content=\"2026-04-29T15:17:15+00:00\" \/>\n<meta property=\"og:image\" content=\"https:\/\/amiti.org.mx\/wp-content\/uploads\/2026\/04\/Imagenes-boletin-27.png\" \/>\n\t<meta property=\"og:image:width\" content=\"268\" \/>\n\t<meta property=\"og:image:height\" content=\"180\" \/>\n\t<meta property=\"og:image:type\" content=\"image\/png\" \/>\n<meta name=\"author\" content=\"Heidy-O\" \/>\n<meta name=\"twitter:card\" content=\"summary_large_image\" \/>\n<meta name=\"twitter:creator\" content=\"@AMITI_Mex\" \/>\n<meta name=\"twitter:site\" content=\"@AMITI_Mex\" \/>\n<meta name=\"twitter:label1\" content=\"Written by\" \/>\n\t<meta name=\"twitter:data1\" content=\"Heidy-O\" \/>\n\t<meta name=\"twitter:label2\" content=\"Est. reading time\" \/>\n\t<meta name=\"twitter:data2\" content=\"2 minutes\" \/>\n<script type=\"application\/ld+json\" class=\"yoast-schema-graph\">{\"@context\":\"https:\\\/\\\/schema.org\",\"@graph\":[{\"@type\":\"Article\",\"@id\":\"https:\\\/\\\/amiti.org.mx\\\/14844\\\/amiti-reafirma-su-compromiso-con-la-sostenibilidad-global-a-traves-de-su-comunicacion-sobre-participacion-coe-2025\\\/#article\",\"isPartOf\":{\"@id\":\"https:\\\/\\\/amiti.org.mx\\\/14844\\\/amiti-reafirma-su-compromiso-con-la-sostenibilidad-global-a-traves-de-su-comunicacion-sobre-participacion-coe-2025\\\/\"},\"author\":{\"name\":\"Heidy-O\",\"@id\":\"https:\\\/\\\/amiti.org.mx\\\/#\\\/schema\\\/person\\\/09fd614b7d440b5ba06c0480ed768000\"},\"headline\":\"AMITI reafirma su compromiso con la sostenibilidad global a trav\u00e9s de su Comunicaci\u00f3n sobre Participaci\u00f3n (COE) 2025\",\"datePublished\":\"2026-04-29T15:16:11+00:00\",\"dateModified\":\"2026-04-29T15:17:15+00:00\",\"mainEntityOfPage\":{\"@id\":\"https:\\\/\\\/amiti.org.mx\\\/14844\\\/amiti-reafirma-su-compromiso-con-la-sostenibilidad-global-a-traves-de-su-comunicacion-sobre-participacion-coe-2025\\\/\"},\"wordCount\":332,\"commentCount\":0,\"publisher\":{\"@id\":\"https:\\\/\\\/amiti.org.mx\\\/#organization\"},\"image\":{\"@id\":\"https:\\\/\\\/amiti.org.mx\\\/14844\\\/amiti-reafirma-su-compromiso-con-la-sostenibilidad-global-a-traves-de-su-comunicacion-sobre-participacion-coe-2025\\\/#primaryimage\"},\"thumbnailUrl\":\"https:\\\/\\\/amiti.org.mx\\\/wp-content\\\/uploads\\\/2026\\\/04\\\/Imagenes-boletin-27.png\",\"articleSection\":[\"Noticias AMITI\"],\"inLanguage\":\"en-US\",\"potentialAction\":[{\"@type\":\"CommentAction\",\"name\":\"Comment\",\"target\":[\"https:\\\/\\\/amiti.org.mx\\\/14844\\\/amiti-reafirma-su-compromiso-con-la-sostenibilidad-global-a-traves-de-su-comunicacion-sobre-participacion-coe-2025\\\/#respond\"]}]},{\"@type\":\"WebPage\",\"@id\":\"https:\\\/\\\/amiti.org.mx\\\/14844\\\/amiti-reafirma-su-compromiso-con-la-sostenibilidad-global-a-traves-de-su-comunicacion-sobre-participacion-coe-2025\\\/\",\"url\":\"https:\\\/\\\/amiti.org.mx\\\/14844\\\/amiti-reafirma-su-compromiso-con-la-sostenibilidad-global-a-traves-de-su-comunicacion-sobre-participacion-coe-2025\\\/\",\"name\":\"AMITI reafirma su compromiso con la sostenibilidad global a trav\u00e9s de su Comunicaci\u00f3n sobre Participaci\u00f3n (COE) 2025 - AMITI\",\"isPartOf\":{\"@id\":\"https:\\\/\\\/amiti.org.mx\\\/#website\"},\"primaryImageOfPage\":{\"@id\":\"https:\\\/\\\/amiti.org.mx\\\/14844\\\/amiti-reafirma-su-compromiso-con-la-sostenibilidad-global-a-traves-de-su-comunicacion-sobre-participacion-coe-2025\\\/#primaryimage\"},\"image\":{\"@id\":\"https:\\\/\\\/amiti.org.mx\\\/14844\\\/amiti-reafirma-su-compromiso-con-la-sostenibilidad-global-a-traves-de-su-comunicacion-sobre-participacion-coe-2025\\\/#primaryimage\"},\"thumbnailUrl\":\"https:\\\/\\\/amiti.org.mx\\\/wp-content\\\/uploads\\\/2026\\\/04\\\/Imagenes-boletin-27.png\",\"datePublished\":\"2026-04-29T15:16:11+00:00\",\"dateModified\":\"2026-04-29T15:17:15+00:00\",\"breadcrumb\":{\"@id\":\"https:\\\/\\\/amiti.org.mx\\\/14844\\\/amiti-reafirma-su-compromiso-con-la-sostenibilidad-global-a-traves-de-su-comunicacion-sobre-participacion-coe-2025\\\/#breadcrumb\"},\"inLanguage\":\"en-US\",\"potentialAction\":[{\"@type\":\"ReadAction\",\"target\":[\"https:\\\/\\\/amiti.org.mx\\\/14844\\\/amiti-reafirma-su-compromiso-con-la-sostenibilidad-global-a-traves-de-su-comunicacion-sobre-participacion-coe-2025\\\/\"]}]},{\"@type\":\"ImageObject\",\"inLanguage\":\"en-US\",\"@id\":\"https:\\\/\\\/amiti.org.mx\\\/14844\\\/amiti-reafirma-su-compromiso-con-la-sostenibilidad-global-a-traves-de-su-comunicacion-sobre-participacion-coe-2025\\\/#primaryimage\",\"url\":\"https:\\\/\\\/amiti.org.mx\\\/wp-content\\\/uploads\\\/2026\\\/04\\\/Imagenes-boletin-27.png\",\"contentUrl\":\"https:\\\/\\\/amiti.org.mx\\\/wp-content\\\/uploads\\\/2026\\\/04\\\/Imagenes-boletin-27.png\",\"width\":268,\"height\":180},{\"@type\":\"BreadcrumbList\",\"@id\":\"https:\\\/\\\/amiti.org.mx\\\/14844\\\/amiti-reafirma-su-compromiso-con-la-sostenibilidad-global-a-traves-de-su-comunicacion-sobre-participacion-coe-2025\\\/#breadcrumb\",\"itemListElement\":[{\"@type\":\"ListItem\",\"position\":1,\"name\":\"Portada\",\"item\":\"https:\\\/\\\/amiti.org.mx\\\/\"},{\"@type\":\"ListItem\",\"position\":2,\"name\":\"AMITI reafirma su compromiso con la sostenibilidad global a trav\u00e9s de su Comunicaci\u00f3n sobre Participaci\u00f3n (COE) 2025\"}]},{\"@type\":\"WebSite\",\"@id\":\"https:\\\/\\\/amiti.org.mx\\\/#website\",\"url\":\"https:\\\/\\\/amiti.org.mx\\\/\",\"name\":\"AMITI\",\"description\":\"Mejores empresas TI para M\u00e9xico\",\"publisher\":{\"@id\":\"https:\\\/\\\/amiti.org.mx\\\/#organization\"},\"potentialAction\":[{\"@type\":\"SearchAction\",\"target\":{\"@type\":\"EntryPoint\",\"urlTemplate\":\"https:\\\/\\\/amiti.org.mx\\\/?s={search_term_string}\"},\"query-input\":{\"@type\":\"PropertyValueSpecification\",\"valueRequired\":true,\"valueName\":\"search_term_string\"}}],\"inLanguage\":\"en-US\"},{\"@type\":\"Organization\",\"@id\":\"https:\\\/\\\/amiti.org.mx\\\/#organization\",\"name\":\"AMITI\",\"url\":\"https:\\\/\\\/amiti.org.mx\\\/\",\"logo\":{\"@type\":\"ImageObject\",\"inLanguage\":\"en-US\",\"@id\":\"https:\\\/\\\/amiti.org.mx\\\/#\\\/schema\\\/logo\\\/image\\\/\",\"url\":\"https:\\\/\\\/amiti.org.mx\\\/wp-content\\\/uploads\\\/2024\\\/09\\\/Amiti_CMYK.png\",\"contentUrl\":\"https:\\\/\\\/amiti.org.mx\\\/wp-content\\\/uploads\\\/2024\\\/09\\\/Amiti_CMYK.png\",\"width\":1161,\"height\":458,\"caption\":\"AMITI\"},\"image\":{\"@id\":\"https:\\\/\\\/amiti.org.mx\\\/#\\\/schema\\\/logo\\\/image\\\/\"},\"sameAs\":[\"https:\\\/\\\/www.facebook.com\\\/AMITIMex\\\/?locale=es_LA\",\"https:\\\/\\\/x.com\\\/AMITI_Mex\",\"https:\\\/\\\/www.instagram.com\\\/amiti_mex\\\/\",\"https:\\\/\\\/www.linkedin.com\\\/company\\\/amiti-mex\\\/\",\"https:\\\/\\\/www.youtube.com\\\/channel\\\/UCaBdZB-k6j-lCH-eTCbLGJw\"]},{\"@type\":\"Person\",\"@id\":\"https:\\\/\\\/amiti.org.mx\\\/#\\\/schema\\\/person\\\/09fd614b7d440b5ba06c0480ed768000\",\"name\":\"Heidy-O\",\"image\":{\"@type\":\"ImageObject\",\"inLanguage\":\"en-US\",\"@id\":\"https:\\\/\\\/secure.gravatar.com\\\/avatar\\\/6bb82f883f01a117ffeab0847eb3d1e1bc043d3f57c214a17dde7220e395cb0d?s=96&d=mm&r=g\",\"url\":\"https:\\\/\\\/secure.gravatar.com\\\/avatar\\\/6bb82f883f01a117ffeab0847eb3d1e1bc043d3f57c214a17dde7220e395cb0d?s=96&d=mm&r=g\",\"contentUrl\":\"https:\\\/\\\/secure.gravatar.com\\\/avatar\\\/6bb82f883f01a117ffeab0847eb3d1e1bc043d3f57c214a17dde7220e395cb0d?s=96&d=mm&r=g\",\"caption\":\"Heidy-O\"},\"url\":\"https:\\\/\\\/amiti.org.mx\\\/en\\\/author\\\/heidy-o\\\/\"}]}<\/script>\n<!-- \/ Yoast SEO plugin. -->","yoast_head_json":{"title":"AMITI reafirma su compromiso con la sostenibilidad global a trav\u00e9s de su Comunicaci\u00f3n sobre Participaci\u00f3n (COE) 2025 - AMITI","robots":{"index":"index","follow":"follow","max-snippet":"max-snippet:-1","max-image-preview":"max-image-preview:large","max-video-preview":"max-video-preview:-1"},"canonical":"https:\/\/amiti.org.mx\/en\/14844\/amiti-reafirma-su-compromiso-con-la-sostenibilidad-global-a-traves-de-su-comunicacion-sobre-participacion-coe-2025\/","og_locale":"en_US","og_type":"article","og_title":"AMITI reafirma su compromiso con la sostenibilidad global a trav\u00e9s de su Comunicaci\u00f3n sobre Participaci\u00f3n (COE) 2025 - AMITI","og_description":"La Asociaci\u00f3n Mexicana de la Industria de Tecnolog\u00edas de Informaci\u00f3n (AMITI) ha suscrito y publicado oficialmente su Comunicaci\u00f3n sobre Participaci\u00f3n (COE) ante el Pacto Mundial de las Naciones Unidas, correspondiente al periodo de enero a diciembre de 2025. Este documento, presentado como el Reporte ASG AMITI 2025, ratifica el respaldo continuo de la asociaci\u00f3n a [&hellip;]","og_url":"https:\/\/amiti.org.mx\/en\/14844\/amiti-reafirma-su-compromiso-con-la-sostenibilidad-global-a-traves-de-su-comunicacion-sobre-participacion-coe-2025\/","og_site_name":"AMITI","article_publisher":"https:\/\/www.facebook.com\/AMITIMex\/?locale=es_LA","article_published_time":"2026-04-29T15:16:11+00:00","article_modified_time":"2026-04-29T15:17:15+00:00","og_image":[{"width":268,"height":180,"url":"https:\/\/amiti.org.mx\/wp-content\/uploads\/2026\/04\/Imagenes-boletin-27.png","type":"image\/png"}],"author":"Heidy-O","twitter_card":"summary_large_image","twitter_creator":"@AMITI_Mex","twitter_site":"@AMITI_Mex","twitter_misc":{"Written by":"Heidy-O","Est. reading time":"2 minutes"},"schema":{"@context":"https:\/\/schema.org","@graph":[{"@type":"Article","@id":"https:\/\/amiti.org.mx\/14844\/amiti-reafirma-su-compromiso-con-la-sostenibilidad-global-a-traves-de-su-comunicacion-sobre-participacion-coe-2025\/#article","isPartOf":{"@id":"https:\/\/amiti.org.mx\/14844\/amiti-reafirma-su-compromiso-con-la-sostenibilidad-global-a-traves-de-su-comunicacion-sobre-participacion-coe-2025\/"},"author":{"name":"Heidy-O","@id":"https:\/\/amiti.org.mx\/#\/schema\/person\/09fd614b7d440b5ba06c0480ed768000"},"headline":"AMITI reafirma su compromiso con la sostenibilidad global a trav\u00e9s de su Comunicaci\u00f3n sobre Participaci\u00f3n (COE) 2025","datePublished":"2026-04-29T15:16:11+00:00","dateModified":"2026-04-29T15:17:15+00:00","mainEntityOfPage":{"@id":"https:\/\/amiti.org.mx\/14844\/amiti-reafirma-su-compromiso-con-la-sostenibilidad-global-a-traves-de-su-comunicacion-sobre-participacion-coe-2025\/"},"wordCount":332,"commentCount":0,"publisher":{"@id":"https:\/\/amiti.org.mx\/#organization"},"image":{"@id":"https:\/\/amiti.org.mx\/14844\/amiti-reafirma-su-compromiso-con-la-sostenibilidad-global-a-traves-de-su-comunicacion-sobre-participacion-coe-2025\/#primaryimage"},"thumbnailUrl":"https:\/\/amiti.org.mx\/wp-content\/uploads\/2026\/04\/Imagenes-boletin-27.png","articleSection":["Noticias AMITI"],"inLanguage":"en-US","potentialAction":[{"@type":"CommentAction","name":"Comment","target":["https:\/\/amiti.org.mx\/14844\/amiti-reafirma-su-compromiso-con-la-sostenibilidad-global-a-traves-de-su-comunicacion-sobre-participacion-coe-2025\/#respond"]}]},{"@type":"WebPage","@id":"https:\/\/amiti.org.mx\/14844\/amiti-reafirma-su-compromiso-con-la-sostenibilidad-global-a-traves-de-su-comunicacion-sobre-participacion-coe-2025\/","url":"https:\/\/amiti.org.mx\/14844\/amiti-reafirma-su-compromiso-con-la-sostenibilidad-global-a-traves-de-su-comunicacion-sobre-participacion-coe-2025\/","name":"AMITI reafirma su compromiso con la sostenibilidad global a trav\u00e9s de su Comunicaci\u00f3n sobre Participaci\u00f3n (COE) 2025 - AMITI","isPartOf":{"@id":"https:\/\/amiti.org.mx\/#website"},"primaryImageOfPage":{"@id":"https:\/\/amiti.org.mx\/14844\/amiti-reafirma-su-compromiso-con-la-sostenibilidad-global-a-traves-de-su-comunicacion-sobre-participacion-coe-2025\/#primaryimage"},"image":{"@id":"https:\/\/amiti.org.mx\/14844\/amiti-reafirma-su-compromiso-con-la-sostenibilidad-global-a-traves-de-su-comunicacion-sobre-participacion-coe-2025\/#primaryimage"},"thumbnailUrl":"https:\/\/amiti.org.mx\/wp-content\/uploads\/2026\/04\/Imagenes-boletin-27.png","datePublished":"2026-04-29T15:16:11+00:00","dateModified":"2026-04-29T15:17:15+00:00","breadcrumb":{"@id":"https:\/\/amiti.org.mx\/14844\/amiti-reafirma-su-compromiso-con-la-sostenibilidad-global-a-traves-de-su-comunicacion-sobre-participacion-coe-2025\/#breadcrumb"},"inLanguage":"en-US","potentialAction":[{"@type":"ReadAction","target":["https:\/\/amiti.org.mx\/14844\/amiti-reafirma-su-compromiso-con-la-sostenibilidad-global-a-traves-de-su-comunicacion-sobre-participacion-coe-2025\/"]}]},{"@type":"ImageObject","inLanguage":"en-US","@id":"https:\/\/amiti.org.mx\/14844\/amiti-reafirma-su-compromiso-con-la-sostenibilidad-global-a-traves-de-su-comunicacion-sobre-participacion-coe-2025\/#primaryimage","url":"https:\/\/amiti.org.mx\/wp-content\/uploads\/2026\/04\/Imagenes-boletin-27.png","contentUrl":"https:\/\/amiti.org.mx\/wp-content\/uploads\/2026\/04\/Imagenes-boletin-27.png","width":268,"height":180},{"@type":"BreadcrumbList","@id":"https:\/\/amiti.org.mx\/14844\/amiti-reafirma-su-compromiso-con-la-sostenibilidad-global-a-traves-de-su-comunicacion-sobre-participacion-coe-2025\/#breadcrumb","itemListElement":[{"@type":"ListItem","position":1,"name":"Portada","item":"https:\/\/amiti.org.mx\/"},{"@type":"ListItem","position":2,"name":"AMITI reafirma su compromiso con la sostenibilidad global a trav\u00e9s de su Comunicaci\u00f3n sobre Participaci\u00f3n (COE) 2025"}]},{"@type":"WebSite","@id":"https:\/\/amiti.org.mx\/#website","url":"https:\/\/amiti.org.mx\/","name":"AMITI","description":"Mejores empresas TI para M\u00e9xico","publisher":{"@id":"https:\/\/amiti.org.mx\/#organization"},"potentialAction":[{"@type":"SearchAction","target":{"@type":"EntryPoint","urlTemplate":"https:\/\/amiti.org.mx\/?s={search_term_string}"},"query-input":{"@type":"PropertyValueSpecification","valueRequired":true,"valueName":"search_term_string"}}],"inLanguage":"en-US"},{"@type":"Organization","@id":"https:\/\/amiti.org.mx\/#organization","name":"AMITI","url":"https:\/\/amiti.org.mx\/","logo":{"@type":"ImageObject","inLanguage":"en-US","@id":"https:\/\/amiti.org.mx\/#\/schema\/logo\/image\/","url":"https:\/\/amiti.org.mx\/wp-content\/uploads\/2024\/09\/Amiti_CMYK.png","contentUrl":"https:\/\/amiti.org.mx\/wp-content\/uploads\/2024\/09\/Amiti_CMYK.png","width":1161,"height":458,"caption":"AMITI"},"image":{"@id":"https:\/\/amiti.org.mx\/#\/schema\/logo\/image\/"},"sameAs":["https:\/\/www.facebook.com\/AMITIMex\/?locale=es_LA","https:\/\/x.com\/AMITI_Mex","https:\/\/www.instagram.com\/amiti_mex\/","https:\/\/www.linkedin.com\/company\/amiti-mex\/","https:\/\/www.youtube.com\/channel\/UCaBdZB-k6j-lCH-eTCbLGJw"]},{"@type":"Person","@id":"https:\/\/amiti.org.mx\/#\/schema\/person\/09fd614b7d440b5ba06c0480ed768000","name":"Heidy-O","image":{"@type":"ImageObject","inLanguage":"en-US","@id":"https:\/\/secure.gravatar.com\/avatar\/6bb82f883f01a117ffeab0847eb3d1e1bc043d3f57c214a17dde7220e395cb0d?s=96&d=mm&r=g","url":"https:\/\/secure.gravatar.com\/avatar\/6bb82f883f01a117ffeab0847eb3d1e1bc043d3f57c214a17dde7220e395cb0d?s=96&d=mm&r=g","contentUrl":"https:\/\/secure.gravatar.com\/avatar\/6bb82f883f01a117ffeab0847eb3d1e1bc043d3f57c214a17dde7220e395cb0d?s=96&d=mm&r=g","caption":"Heidy-O"},"url":"https:\/\/amiti.org.mx\/en\/author\/heidy-o\/"}]}},"publishpress_future_action":{"enabled":false,"date":"2026-05-06 14:04:05","action":"change-status","newStatus":"draft","terms":[],"taxonomy":"category","extraData":[]},"publishpress_future_workflow_manual_trigger":{"enabledWorkflows":[]},"_links":{"self":[{"href":"https:\/\/amiti.org.mx\/en\/wp-json\/wp\/v2\/posts\/14844","targetHints":{"allow":["GET"]}}],"collection":[{"href":"https:\/\/amiti.org.mx\/en\/wp-json\/wp\/v2\/posts"}],"about":[{"href":"https:\/\/amiti.org.mx\/en\/wp-json\/wp\/v2\/types\/post"}],"author":[{"embeddable":true,"href":"https:\/\/amiti.org.mx\/en\/wp-json\/wp\/v2\/users\/148"}],"replies":[{"embeddable":true,"href":"https:\/\/amiti.org.mx\/en\/wp-json\/wp\/v2\/comments?post=14844"}],"version-history":[{"count":2,"href":"https:\/\/amiti.org.mx\/en\/wp-json\/wp\/v2\/posts\/14844\/revisions"}],"predecessor-version":[{"id":14847,"href":"https:\/\/amiti.org.mx\/en\/wp-json\/wp\/v2\/posts\/14844\/revisions\/14847"}],"wp:featuredmedia":[{"embeddable":true,"href":"https:\/\/amiti.org.mx\/en\/wp-json\/wp\/v2\/media\/14845"}],"wp:attachment":[{"href":"https:\/\/amiti.org.mx\/en\/wp-json\/wp\/v2\/media?parent=14844"}],"wp:term":[{"taxonomy":"category","embeddable":true,"href":"https:\/\/amiti.org.mx\/en\/wp-json\/wp\/v2\/categories?post=14844"},{"taxonomy":"post_tag","embeddable":true,"href":"https:\/\/amiti.org.mx\/en\/wp-json\/wp\/v2\/tags?post=14844"}],"curies":[{"name":"wp","href":"https:\/\/api.w.org\/{rel}","templated":true}]}}