{"id":14839,"date":"2026-04-28T15:54:24","date_gmt":"2026-04-28T21:54:24","guid":{"rendered":"https:\/\/amiti.org.mx\/?p=14839"},"modified":"2026-04-29T09:20:36","modified_gmt":"2026-04-29T15:20:36","slug":"las-empresas-de-servicios-celebran-el-acuerdo-de-comercio-electronico-de-la-omc","status":"publish","type":"post","link":"https:\/\/amiti.org.mx\/en\/14839\/las-empresas-de-servicios-celebran-el-acuerdo-de-comercio-electronico-de-la-omc\/","title":{"rendered":"Las empresas de servicios celebran el Acuerdo de Comercio Electr\u00f3nico de la OMC"},"content":{"rendered":"<p><strong><em>Reunidos en Camer\u00fan el domingo 29 de marzo, 66 miembros de la OMC se han unido para alcanzar un importante \u201cprimer logro\u201d en comercio digital en el marco de la MC14 de la OMC.<\/em><\/strong><\/p>\n\n\n\n<figure class=\"wp-block-image aligncenter size-full is-resized\"><img fetchpriority=\"high\" decoding=\"async\" width=\"979\" height=\"680\" src=\"https:\/\/amiti.org.mx\/wp-content\/uploads\/2026\/04\/Captura-de-pantalla-2026-04-28-153047.png\" alt=\"\" class=\"wp-image-14840\" style=\"aspect-ratio:1.4397390472976772;width:528px;height:auto\" srcset=\"https:\/\/amiti.org.mx\/wp-content\/uploads\/2026\/04\/Captura-de-pantalla-2026-04-28-153047.png 979w, https:\/\/amiti.org.mx\/wp-content\/uploads\/2026\/04\/Captura-de-pantalla-2026-04-28-153047-300x208.png 300w, https:\/\/amiti.org.mx\/wp-content\/uploads\/2026\/04\/Captura-de-pantalla-2026-04-28-153047-768x533.png 768w, https:\/\/amiti.org.mx\/wp-content\/uploads\/2026\/04\/Captura-de-pantalla-2026-04-28-153047-18x12.png 18w\" sizes=\"(max-width: 979px) 100vw, 979px\" \/><\/figure>\n\n\n\n<p><br>La Coalici\u00f3n Global de Servicios y la Coalici\u00f3n de Servicios de Asia Pac\u00edfico celebran este resultado. Los 66 miembros participantes de la OMC han encontrado una v\u00eda de avance y han adoptado acuerdos provisionales jur\u00eddicamente vinculantes para posibilitar la pronta aplicaci\u00f3n del Acuerdo de Comercio Electr\u00f3nico (ECA) de la OMC.<\/p>\n\n\n\n<p>Queremos destacar de inmediato el comunicado de prensa emitido conjuntamente por el Departamento de Asuntos Exteriores y Comercio de Australia; el Ministerio de Asuntos Exteriores de Jap\u00f3n; el Ministerio de Econom\u00eda, Comercio e Industria de Jap\u00f3n; y el Ministerio de Comercio e Industria de Singapur el domingo 29 de marzo en Yaund\u00e9, Camer\u00fan. (https:\/\/www.wto.org\/english\/news_e\/news26_e\/mc14_28mar26_341_e.htm). Agradecemos a los 3 co-organizadores de las negociaciones (Australia, Jap\u00f3n y Singapur) por su entrega y liderazgo guiando a la OMC con \u00e9xito hacia la era digital.<\/p>\n\n\n\n<p>Este acuerdo representa un avance significativo para el comercio internacional, ya que la econom\u00eda global se digitaliza de manera constante. Su objetivo es reforzar la confianza del p\u00fablico en el comercio digital, lo que supone una gran ventaja para los consumidores de todo el mundo. El acuerdo abarca tanto bienes como servicios que se anuncian, solicitan y adquieren en l\u00ednea, as\u00ed como los servicios que se prestan a trav\u00e9s de internet. Incluye una moratoria permanente sobre los aranceles aduaneros aplicados a las transmisiones electr\u00f3nicas. Adem\u00e1s, establece las bases para una segunda fase de negociaciones sobre los aspectos esenciales del flujo transfronterizo de datos, que comenzar\u00e1n dos a\u00f1os despu\u00e9s de la implementaci\u00f3n.<\/p>\n\n\n\n<p>Se trata de la primera de las Iniciativas de Declaraci\u00f3n Conjunta (JSI) plurilaterales que alcanza un punto jur\u00eddicamente vinculante, permitiendo as\u00ed que las partes inicien su aplicaci\u00f3n. La determinaci\u00f3n pol\u00edtica demostrada hoy por los 66 miembros de la OMC de todas las regiones y niveles de desarrollo confirma que es posible; la OMC sigue activa y cumpliendo su papel en la elaboraci\u00f3n de normas para el comercio internacional. Las empresas de todos los tama\u00f1os y sectores est\u00e1n experimentando grandes transformaciones en sus modelos de negocio, y este acuerdo demuestra que la OMC comprende el cambio.<\/p>\n\n\n\n<p><strong>Antecedentes<\/strong><br>En julio de 2024, muchas de las organizaciones empresariales firmantes aplaudieron conjuntamente el resultado de las negociaciones iniciadas en 2019 en el marco de la Iniciativa de Declaraci\u00f3n Conjunta (IDC) sobre Comercio Electr\u00f3nico. Tras las consultas nacionales, 71 participantes, tanto desarrollados como en desarrollo, anunciaron en diciembre de 2024 la finalizaci\u00f3n del texto y el inicio del proceso para su incorporaci\u00f3n formal al marco de la OMC.<\/p>\n\n\n\n<p>Aunque se concluy\u00f3 en su forma actual hace m\u00e1s de 20 meses, todos los intentos realizados hasta la fecha para integrar el Acuerdo sobre Comercio Electr\u00f3nico (ECA) como acuerdo del Anexo 4 de la OMC han sido bloqueados en las reuniones del Consejo General de la OMC en Ginebra. Instamos a las partes de los acuerdos provisionales a que contin\u00faen sus esfuerzos para lograr la plena integraci\u00f3n en el marco de la OMC.<\/p>\n\n\n\n<p>El ECA es comercialmente importante para las empresas, grandes y peque\u00f1as, y beneficia de inmediato a los consumidores y a los organismos gubernamentales de las econom\u00edas de todo el mundo, en todas las etapas de desarrollo, que dependen cada vez m\u00e1s del comercio digital transfronterizo de bienes y servicios. El acuerdo tiene en cuenta los intereses de los pa\u00edses en desarrollo y permanece abierto a todos los miembros de la OMC. Los miembros del Consejo General de Estabilidad (CGE) instan a todos los miembros de la OMC a sumarse r\u00e1pidamente, en particular a quienes participaron en las negociaciones del ECA.<\/p>\n\n\n\n<p>El ECA no solo establece las primeras normas de referencia mundiales sobre comercio digital, sino que sienta las bases para un mayor crecimiento del comercio digital mundial con una segunda fase de negociaciones del JSI integrada sobre cuestiones pendientes como el flujo de datos esenciales, la localizaci\u00f3n de datos y los problemas del c\u00f3digo fuente.<\/p>\n\n\n\n<p>&#8211;oOo&#8211;<\/p>\n\n\n\n<p>Australian Services Roundtable<br>AMITI &#8211; Accelerate Mexico&#8217;s Digital Transformation<br>Business New Zealand<br>Coalition of Services Industries, United States Digital Prosperity Asia<br>European Services Forum<br>Hong Kong Coalition of Services Industries<br>Japan Services Network<br>Malaysian Services Providers Confederation Singapore Business Federation<br>Taiwan Coalition of Services industries<br>TechUK<br>TheCityUK<br>Trinidad and Tobago Chamber of Industry and Commerce<\/p>","protected":false},"excerpt":{"rendered":"<p>Reunidos en Camer\u00fan el domingo 29 de marzo, 66 miembros de la OMC se han unido para alcanzar un importante \u201cprimer logro\u201d en comercio digital en el marco de la MC14 de la OMC. La Coalici\u00f3n Global de Servicios y la Coalici\u00f3n de Servicios de Asia Pac\u00edfico celebran este resultado. Los 66 miembros participantes de [&hellip;]<\/p>\n","protected":false},"author":148,"featured_media":14840,"comment_status":"open","ping_status":"open","sticky":false,"template":"","format":"standard","meta":{"footnotes":""},"categories":[9],"tags":[],"class_list":["post-14839","post","type-post","status-publish","format-standard","has-post-thumbnail","hentry","category-noticias-amiti"],"yoast_head":"<!-- This site is optimized with the Yoast SEO plugin v27.4 - https:\/\/yoast.com\/product\/yoast-seo-wordpress\/ -->\n<title>Las empresas de servicios celebran el Acuerdo de Comercio Electr\u00f3nico de la OMC - AMITI<\/title>\n<meta name=\"robots\" content=\"index, follow, max-snippet:-1, max-image-preview:large, max-video-preview:-1\" \/>\n<link rel=\"canonical\" href=\"https:\/\/amiti.org.mx\/en\/14839\/las-empresas-de-servicios-celebran-el-acuerdo-de-comercio-electronico-de-la-omc\/\" \/>\n<meta property=\"og:locale\" content=\"en_US\" \/>\n<meta property=\"og:type\" content=\"article\" \/>\n<meta property=\"og:title\" content=\"Las empresas de servicios celebran el Acuerdo de Comercio Electr\u00f3nico de la OMC - AMITI\" \/>\n<meta property=\"og:description\" content=\"Reunidos en Camer\u00fan el domingo 29 de marzo, 66 miembros de la OMC se han unido para alcanzar un importante \u201cprimer logro\u201d en comercio digital en el marco de la MC14 de la OMC. La Coalici\u00f3n Global de Servicios y la Coalici\u00f3n de Servicios de Asia Pac\u00edfico celebran este resultado. Los 66 miembros participantes de [&hellip;]\" \/>\n<meta property=\"og:url\" content=\"https:\/\/amiti.org.mx\/en\/14839\/las-empresas-de-servicios-celebran-el-acuerdo-de-comercio-electronico-de-la-omc\/\" \/>\n<meta property=\"og:site_name\" content=\"AMITI\" \/>\n<meta property=\"article:publisher\" content=\"https:\/\/www.facebook.com\/AMITIMex\/?locale=es_LA\" \/>\n<meta property=\"article:published_time\" content=\"2026-04-28T21:54:24+00:00\" \/>\n<meta property=\"article:modified_time\" content=\"2026-04-29T15:20:36+00:00\" \/>\n<meta property=\"og:image\" content=\"https:\/\/amiti.org.mx\/wp-content\/uploads\/2026\/04\/Captura-de-pantalla-2026-04-28-153047.png\" \/>\n\t<meta property=\"og:image:width\" content=\"979\" \/>\n\t<meta property=\"og:image:height\" content=\"680\" \/>\n\t<meta property=\"og:image:type\" content=\"image\/png\" \/>\n<meta name=\"author\" content=\"Heidy-O\" \/>\n<meta name=\"twitter:card\" content=\"summary_large_image\" \/>\n<meta name=\"twitter:creator\" content=\"@AMITI_Mex\" \/>\n<meta name=\"twitter:site\" content=\"@AMITI_Mex\" \/>\n<meta name=\"twitter:label1\" content=\"Written by\" \/>\n\t<meta name=\"twitter:data1\" content=\"Heidy-O\" \/>\n\t<meta name=\"twitter:label2\" content=\"Est. reading time\" \/>\n\t<meta name=\"twitter:data2\" content=\"4 minutes\" \/>\n<script type=\"application\/ld+json\" class=\"yoast-schema-graph\">{\"@context\":\"https:\\\/\\\/schema.org\",\"@graph\":[{\"@type\":\"Article\",\"@id\":\"https:\\\/\\\/amiti.org.mx\\\/14839\\\/las-empresas-de-servicios-celebran-el-acuerdo-de-comercio-electronico-de-la-omc\\\/#article\",\"isPartOf\":{\"@id\":\"https:\\\/\\\/amiti.org.mx\\\/14839\\\/las-empresas-de-servicios-celebran-el-acuerdo-de-comercio-electronico-de-la-omc\\\/\"},\"author\":{\"name\":\"Heidy-O\",\"@id\":\"https:\\\/\\\/amiti.org.mx\\\/#\\\/schema\\\/person\\\/09fd614b7d440b5ba06c0480ed768000\"},\"headline\":\"Las empresas de servicios celebran el Acuerdo de Comercio Electr\u00f3nico de la OMC\",\"datePublished\":\"2026-04-28T21:54:24+00:00\",\"dateModified\":\"2026-04-29T15:20:36+00:00\",\"mainEntityOfPage\":{\"@id\":\"https:\\\/\\\/amiti.org.mx\\\/14839\\\/las-empresas-de-servicios-celebran-el-acuerdo-de-comercio-electronico-de-la-omc\\\/\"},\"wordCount\":773,\"commentCount\":0,\"publisher\":{\"@id\":\"https:\\\/\\\/amiti.org.mx\\\/#organization\"},\"image\":{\"@id\":\"https:\\\/\\\/amiti.org.mx\\\/14839\\\/las-empresas-de-servicios-celebran-el-acuerdo-de-comercio-electronico-de-la-omc\\\/#primaryimage\"},\"thumbnailUrl\":\"https:\\\/\\\/amiti.org.mx\\\/wp-content\\\/uploads\\\/2026\\\/04\\\/Captura-de-pantalla-2026-04-28-153047.png\",\"articleSection\":[\"Noticias AMITI\"],\"inLanguage\":\"en-US\",\"potentialAction\":[{\"@type\":\"CommentAction\",\"name\":\"Comment\",\"target\":[\"https:\\\/\\\/amiti.org.mx\\\/14839\\\/las-empresas-de-servicios-celebran-el-acuerdo-de-comercio-electronico-de-la-omc\\\/#respond\"]}]},{\"@type\":\"WebPage\",\"@id\":\"https:\\\/\\\/amiti.org.mx\\\/14839\\\/las-empresas-de-servicios-celebran-el-acuerdo-de-comercio-electronico-de-la-omc\\\/\",\"url\":\"https:\\\/\\\/amiti.org.mx\\\/14839\\\/las-empresas-de-servicios-celebran-el-acuerdo-de-comercio-electronico-de-la-omc\\\/\",\"name\":\"Las empresas de servicios celebran el Acuerdo de Comercio Electr\u00f3nico de la OMC - AMITI\",\"isPartOf\":{\"@id\":\"https:\\\/\\\/amiti.org.mx\\\/#website\"},\"primaryImageOfPage\":{\"@id\":\"https:\\\/\\\/amiti.org.mx\\\/14839\\\/las-empresas-de-servicios-celebran-el-acuerdo-de-comercio-electronico-de-la-omc\\\/#primaryimage\"},\"image\":{\"@id\":\"https:\\\/\\\/amiti.org.mx\\\/14839\\\/las-empresas-de-servicios-celebran-el-acuerdo-de-comercio-electronico-de-la-omc\\\/#primaryimage\"},\"thumbnailUrl\":\"https:\\\/\\\/amiti.org.mx\\\/wp-content\\\/uploads\\\/2026\\\/04\\\/Captura-de-pantalla-2026-04-28-153047.png\",\"datePublished\":\"2026-04-28T21:54:24+00:00\",\"dateModified\":\"2026-04-29T15:20:36+00:00\",\"breadcrumb\":{\"@id\":\"https:\\\/\\\/amiti.org.mx\\\/14839\\\/las-empresas-de-servicios-celebran-el-acuerdo-de-comercio-electronico-de-la-omc\\\/#breadcrumb\"},\"inLanguage\":\"en-US\",\"potentialAction\":[{\"@type\":\"ReadAction\",\"target\":[\"https:\\\/\\\/amiti.org.mx\\\/14839\\\/las-empresas-de-servicios-celebran-el-acuerdo-de-comercio-electronico-de-la-omc\\\/\"]}]},{\"@type\":\"ImageObject\",\"inLanguage\":\"en-US\",\"@id\":\"https:\\\/\\\/amiti.org.mx\\\/14839\\\/las-empresas-de-servicios-celebran-el-acuerdo-de-comercio-electronico-de-la-omc\\\/#primaryimage\",\"url\":\"https:\\\/\\\/amiti.org.mx\\\/wp-content\\\/uploads\\\/2026\\\/04\\\/Captura-de-pantalla-2026-04-28-153047.png\",\"contentUrl\":\"https:\\\/\\\/amiti.org.mx\\\/wp-content\\\/uploads\\\/2026\\\/04\\\/Captura-de-pantalla-2026-04-28-153047.png\",\"width\":979,\"height\":680},{\"@type\":\"BreadcrumbList\",\"@id\":\"https:\\\/\\\/amiti.org.mx\\\/14839\\\/las-empresas-de-servicios-celebran-el-acuerdo-de-comercio-electronico-de-la-omc\\\/#breadcrumb\",\"itemListElement\":[{\"@type\":\"ListItem\",\"position\":1,\"name\":\"Portada\",\"item\":\"https:\\\/\\\/amiti.org.mx\\\/\"},{\"@type\":\"ListItem\",\"position\":2,\"name\":\"Las empresas de servicios celebran el Acuerdo de Comercio Electr\u00f3nico de la OMC\"}]},{\"@type\":\"WebSite\",\"@id\":\"https:\\\/\\\/amiti.org.mx\\\/#website\",\"url\":\"https:\\\/\\\/amiti.org.mx\\\/\",\"name\":\"AMITI\",\"description\":\"Mejores empresas TI para M\u00e9xico\",\"publisher\":{\"@id\":\"https:\\\/\\\/amiti.org.mx\\\/#organization\"},\"potentialAction\":[{\"@type\":\"SearchAction\",\"target\":{\"@type\":\"EntryPoint\",\"urlTemplate\":\"https:\\\/\\\/amiti.org.mx\\\/?s={search_term_string}\"},\"query-input\":{\"@type\":\"PropertyValueSpecification\",\"valueRequired\":true,\"valueName\":\"search_term_string\"}}],\"inLanguage\":\"en-US\"},{\"@type\":\"Organization\",\"@id\":\"https:\\\/\\\/amiti.org.mx\\\/#organization\",\"name\":\"AMITI\",\"url\":\"https:\\\/\\\/amiti.org.mx\\\/\",\"logo\":{\"@type\":\"ImageObject\",\"inLanguage\":\"en-US\",\"@id\":\"https:\\\/\\\/amiti.org.mx\\\/#\\\/schema\\\/logo\\\/image\\\/\",\"url\":\"https:\\\/\\\/amiti.org.mx\\\/wp-content\\\/uploads\\\/2024\\\/09\\\/Amiti_CMYK.png\",\"contentUrl\":\"https:\\\/\\\/amiti.org.mx\\\/wp-content\\\/uploads\\\/2024\\\/09\\\/Amiti_CMYK.png\",\"width\":1161,\"height\":458,\"caption\":\"AMITI\"},\"image\":{\"@id\":\"https:\\\/\\\/amiti.org.mx\\\/#\\\/schema\\\/logo\\\/image\\\/\"},\"sameAs\":[\"https:\\\/\\\/www.facebook.com\\\/AMITIMex\\\/?locale=es_LA\",\"https:\\\/\\\/x.com\\\/AMITI_Mex\",\"https:\\\/\\\/www.instagram.com\\\/amiti_mex\\\/\",\"https:\\\/\\\/www.linkedin.com\\\/company\\\/amiti-mex\\\/\",\"https:\\\/\\\/www.youtube.com\\\/channel\\\/UCaBdZB-k6j-lCH-eTCbLGJw\"]},{\"@type\":\"Person\",\"@id\":\"https:\\\/\\\/amiti.org.mx\\\/#\\\/schema\\\/person\\\/09fd614b7d440b5ba06c0480ed768000\",\"name\":\"Heidy-O\",\"image\":{\"@type\":\"ImageObject\",\"inLanguage\":\"en-US\",\"@id\":\"https:\\\/\\\/secure.gravatar.com\\\/avatar\\\/6bb82f883f01a117ffeab0847eb3d1e1bc043d3f57c214a17dde7220e395cb0d?s=96&d=mm&r=g\",\"url\":\"https:\\\/\\\/secure.gravatar.com\\\/avatar\\\/6bb82f883f01a117ffeab0847eb3d1e1bc043d3f57c214a17dde7220e395cb0d?s=96&d=mm&r=g\",\"contentUrl\":\"https:\\\/\\\/secure.gravatar.com\\\/avatar\\\/6bb82f883f01a117ffeab0847eb3d1e1bc043d3f57c214a17dde7220e395cb0d?s=96&d=mm&r=g\",\"caption\":\"Heidy-O\"},\"url\":\"https:\\\/\\\/amiti.org.mx\\\/en\\\/author\\\/heidy-o\\\/\"}]}<\/script>\n<!-- \/ Yoast SEO plugin. -->","yoast_head_json":{"title":"Las empresas de servicios celebran el Acuerdo de Comercio Electr\u00f3nico de la OMC - AMITI","robots":{"index":"index","follow":"follow","max-snippet":"max-snippet:-1","max-image-preview":"max-image-preview:large","max-video-preview":"max-video-preview:-1"},"canonical":"https:\/\/amiti.org.mx\/en\/14839\/las-empresas-de-servicios-celebran-el-acuerdo-de-comercio-electronico-de-la-omc\/","og_locale":"en_US","og_type":"article","og_title":"Las empresas de servicios celebran el Acuerdo de Comercio Electr\u00f3nico de la OMC - AMITI","og_description":"Reunidos en Camer\u00fan el domingo 29 de marzo, 66 miembros de la OMC se han unido para alcanzar un importante \u201cprimer logro\u201d en comercio digital en el marco de la MC14 de la OMC. La Coalici\u00f3n Global de Servicios y la Coalici\u00f3n de Servicios de Asia Pac\u00edfico celebran este resultado. Los 66 miembros participantes de [&hellip;]","og_url":"https:\/\/amiti.org.mx\/en\/14839\/las-empresas-de-servicios-celebran-el-acuerdo-de-comercio-electronico-de-la-omc\/","og_site_name":"AMITI","article_publisher":"https:\/\/www.facebook.com\/AMITIMex\/?locale=es_LA","article_published_time":"2026-04-28T21:54:24+00:00","article_modified_time":"2026-04-29T15:20:36+00:00","og_image":[{"width":979,"height":680,"url":"https:\/\/amiti.org.mx\/wp-content\/uploads\/2026\/04\/Captura-de-pantalla-2026-04-28-153047.png","type":"image\/png"}],"author":"Heidy-O","twitter_card":"summary_large_image","twitter_creator":"@AMITI_Mex","twitter_site":"@AMITI_Mex","twitter_misc":{"Written by":"Heidy-O","Est. reading time":"4 minutes"},"schema":{"@context":"https:\/\/schema.org","@graph":[{"@type":"Article","@id":"https:\/\/amiti.org.mx\/14839\/las-empresas-de-servicios-celebran-el-acuerdo-de-comercio-electronico-de-la-omc\/#article","isPartOf":{"@id":"https:\/\/amiti.org.mx\/14839\/las-empresas-de-servicios-celebran-el-acuerdo-de-comercio-electronico-de-la-omc\/"},"author":{"name":"Heidy-O","@id":"https:\/\/amiti.org.mx\/#\/schema\/person\/09fd614b7d440b5ba06c0480ed768000"},"headline":"Las empresas de servicios celebran el Acuerdo de Comercio Electr\u00f3nico de la OMC","datePublished":"2026-04-28T21:54:24+00:00","dateModified":"2026-04-29T15:20:36+00:00","mainEntityOfPage":{"@id":"https:\/\/amiti.org.mx\/14839\/las-empresas-de-servicios-celebran-el-acuerdo-de-comercio-electronico-de-la-omc\/"},"wordCount":773,"commentCount":0,"publisher":{"@id":"https:\/\/amiti.org.mx\/#organization"},"image":{"@id":"https:\/\/amiti.org.mx\/14839\/las-empresas-de-servicios-celebran-el-acuerdo-de-comercio-electronico-de-la-omc\/#primaryimage"},"thumbnailUrl":"https:\/\/amiti.org.mx\/wp-content\/uploads\/2026\/04\/Captura-de-pantalla-2026-04-28-153047.png","articleSection":["Noticias AMITI"],"inLanguage":"en-US","potentialAction":[{"@type":"CommentAction","name":"Comment","target":["https:\/\/amiti.org.mx\/14839\/las-empresas-de-servicios-celebran-el-acuerdo-de-comercio-electronico-de-la-omc\/#respond"]}]},{"@type":"WebPage","@id":"https:\/\/amiti.org.mx\/14839\/las-empresas-de-servicios-celebran-el-acuerdo-de-comercio-electronico-de-la-omc\/","url":"https:\/\/amiti.org.mx\/14839\/las-empresas-de-servicios-celebran-el-acuerdo-de-comercio-electronico-de-la-omc\/","name":"Las empresas de servicios celebran el Acuerdo de Comercio Electr\u00f3nico de la OMC - AMITI","isPartOf":{"@id":"https:\/\/amiti.org.mx\/#website"},"primaryImageOfPage":{"@id":"https:\/\/amiti.org.mx\/14839\/las-empresas-de-servicios-celebran-el-acuerdo-de-comercio-electronico-de-la-omc\/#primaryimage"},"image":{"@id":"https:\/\/amiti.org.mx\/14839\/las-empresas-de-servicios-celebran-el-acuerdo-de-comercio-electronico-de-la-omc\/#primaryimage"},"thumbnailUrl":"https:\/\/amiti.org.mx\/wp-content\/uploads\/2026\/04\/Captura-de-pantalla-2026-04-28-153047.png","datePublished":"2026-04-28T21:54:24+00:00","dateModified":"2026-04-29T15:20:36+00:00","breadcrumb":{"@id":"https:\/\/amiti.org.mx\/14839\/las-empresas-de-servicios-celebran-el-acuerdo-de-comercio-electronico-de-la-omc\/#breadcrumb"},"inLanguage":"en-US","potentialAction":[{"@type":"ReadAction","target":["https:\/\/amiti.org.mx\/14839\/las-empresas-de-servicios-celebran-el-acuerdo-de-comercio-electronico-de-la-omc\/"]}]},{"@type":"ImageObject","inLanguage":"en-US","@id":"https:\/\/amiti.org.mx\/14839\/las-empresas-de-servicios-celebran-el-acuerdo-de-comercio-electronico-de-la-omc\/#primaryimage","url":"https:\/\/amiti.org.mx\/wp-content\/uploads\/2026\/04\/Captura-de-pantalla-2026-04-28-153047.png","contentUrl":"https:\/\/amiti.org.mx\/wp-content\/uploads\/2026\/04\/Captura-de-pantalla-2026-04-28-153047.png","width":979,"height":680},{"@type":"BreadcrumbList","@id":"https:\/\/amiti.org.mx\/14839\/las-empresas-de-servicios-celebran-el-acuerdo-de-comercio-electronico-de-la-omc\/#breadcrumb","itemListElement":[{"@type":"ListItem","position":1,"name":"Portada","item":"https:\/\/amiti.org.mx\/"},{"@type":"ListItem","position":2,"name":"Las empresas de servicios celebran el Acuerdo de Comercio Electr\u00f3nico de la OMC"}]},{"@type":"WebSite","@id":"https:\/\/amiti.org.mx\/#website","url":"https:\/\/amiti.org.mx\/","name":"AMITI","description":"Mejores empresas TI para M\u00e9xico","publisher":{"@id":"https:\/\/amiti.org.mx\/#organization"},"potentialAction":[{"@type":"SearchAction","target":{"@type":"EntryPoint","urlTemplate":"https:\/\/amiti.org.mx\/?s={search_term_string}"},"query-input":{"@type":"PropertyValueSpecification","valueRequired":true,"valueName":"search_term_string"}}],"inLanguage":"en-US"},{"@type":"Organization","@id":"https:\/\/amiti.org.mx\/#organization","name":"AMITI","url":"https:\/\/amiti.org.mx\/","logo":{"@type":"ImageObject","inLanguage":"en-US","@id":"https:\/\/amiti.org.mx\/#\/schema\/logo\/image\/","url":"https:\/\/amiti.org.mx\/wp-content\/uploads\/2024\/09\/Amiti_CMYK.png","contentUrl":"https:\/\/amiti.org.mx\/wp-content\/uploads\/2024\/09\/Amiti_CMYK.png","width":1161,"height":458,"caption":"AMITI"},"image":{"@id":"https:\/\/amiti.org.mx\/#\/schema\/logo\/image\/"},"sameAs":["https:\/\/www.facebook.com\/AMITIMex\/?locale=es_LA","https:\/\/x.com\/AMITI_Mex","https:\/\/www.instagram.com\/amiti_mex\/","https:\/\/www.linkedin.com\/company\/amiti-mex\/","https:\/\/www.youtube.com\/channel\/UCaBdZB-k6j-lCH-eTCbLGJw"]},{"@type":"Person","@id":"https:\/\/amiti.org.mx\/#\/schema\/person\/09fd614b7d440b5ba06c0480ed768000","name":"Heidy-O","image":{"@type":"ImageObject","inLanguage":"en-US","@id":"https:\/\/secure.gravatar.com\/avatar\/6bb82f883f01a117ffeab0847eb3d1e1bc043d3f57c214a17dde7220e395cb0d?s=96&d=mm&r=g","url":"https:\/\/secure.gravatar.com\/avatar\/6bb82f883f01a117ffeab0847eb3d1e1bc043d3f57c214a17dde7220e395cb0d?s=96&d=mm&r=g","contentUrl":"https:\/\/secure.gravatar.com\/avatar\/6bb82f883f01a117ffeab0847eb3d1e1bc043d3f57c214a17dde7220e395cb0d?s=96&d=mm&r=g","caption":"Heidy-O"},"url":"https:\/\/amiti.org.mx\/en\/author\/heidy-o\/"}]}},"publishpress_future_action":{"enabled":false,"date":"2026-05-06 10:47:30","action":"change-status","newStatus":"draft","terms":[],"taxonomy":"category","extraData":[]},"publishpress_future_workflow_manual_trigger":{"enabledWorkflows":[]},"_links":{"self":[{"href":"https:\/\/amiti.org.mx\/en\/wp-json\/wp\/v2\/posts\/14839","targetHints":{"allow":["GET"]}}],"collection":[{"href":"https:\/\/amiti.org.mx\/en\/wp-json\/wp\/v2\/posts"}],"about":[{"href":"https:\/\/amiti.org.mx\/en\/wp-json\/wp\/v2\/types\/post"}],"author":[{"embeddable":true,"href":"https:\/\/amiti.org.mx\/en\/wp-json\/wp\/v2\/users\/148"}],"replies":[{"embeddable":true,"href":"https:\/\/amiti.org.mx\/en\/wp-json\/wp\/v2\/comments?post=14839"}],"version-history":[{"count":2,"href":"https:\/\/amiti.org.mx\/en\/wp-json\/wp\/v2\/posts\/14839\/revisions"}],"predecessor-version":[{"id":14843,"href":"https:\/\/amiti.org.mx\/en\/wp-json\/wp\/v2\/posts\/14839\/revisions\/14843"}],"wp:featuredmedia":[{"embeddable":true,"href":"https:\/\/amiti.org.mx\/en\/wp-json\/wp\/v2\/media\/14840"}],"wp:attachment":[{"href":"https:\/\/amiti.org.mx\/en\/wp-json\/wp\/v2\/media?parent=14839"}],"wp:term":[{"taxonomy":"category","embeddable":true,"href":"https:\/\/amiti.org.mx\/en\/wp-json\/wp\/v2\/categories?post=14839"},{"taxonomy":"post_tag","embeddable":true,"href":"https:\/\/amiti.org.mx\/en\/wp-json\/wp\/v2\/tags?post=14839"}],"curies":[{"name":"wp","href":"https:\/\/api.w.org\/{rel}","templated":true}]}}